{"id":54,"date":"2019-10-16T09:57:18","date_gmt":"2019-10-16T07:57:18","guid":{"rendered":"https:\/\/visualbarcelona.com\/blog\/?p=54"},"modified":"2024-11-14T11:39:14","modified_gmt":"2024-11-14T10:39:14","slug":"como-se-hace-las-letras-corporeas","status":"publish","type":"post","link":"https:\/\/visualbarcelona.com\/blog\/como-se-hace-las-letras-corporeas\/","title":{"rendered":"Como \u00abSe hace las letras corp\u00f3reas\u00bb"},"content":{"rendered":"\r\n<p>Letras corp\u00f3reas es un t\u00e9rmino que se designa a un tipo de r\u00f3tulo en el cual las letras son en relieve, puedan ser de PVC, aluminio, metacrilato, acero, lat\u00f3n, madera o cualquier material que permita su corte tanto en fresa o a l\u00e1ser; piedra, hierro, forexpan, esta \u00faltima para usos decorativos. Pueden ser con iluminaci\u00f3n (frontal, trasera indirecta y lateral) o sin iluminaci\u00f3n.<\/p>\r\n\r\n\r\n\r\n<p>El material m\u00e1s utilizado para el uso de las letras corp\u00f3reas iluminadas es el aluminio, utilizado como fondo y lateral y frontal haciendo la iluminaci\u00f3n trasera sobre la base a colocar d\u00e1ndole al r\u00f3tulo una gran elegancia y vistosidad; tambi\u00e9n en esta opci\u00f3n se fabrican en acero, lat\u00f3n, PVC y madera.<\/p>\r\n\r\n\r\n\r\n<p>La aplicaci\u00f3n de este tipo de r\u00f3tulo de letras corp\u00f3reas se utiliza tanto en interior de Centros Comerciales, interior de Establecimientos, Tiendas, Oficinas, Centros Deportivos y de Ocio.<\/p>\r\n\r\n\r\n\r\n<p>En exterior para la se\u00f1alizaci\u00f3n de cualquier tipo de establecimientos a nivel de altura media y a gran altura, tejados y plantas superiores, dando una gran repercusi\u00f3n Visual a las zonas a se\u00f1alizar. En el caso de que la instalaci\u00f3n sea a gran altura, se precisara de unas estructuras met\u00e1licas para su sujeci\u00f3n. Visual Barcelona fabrica en sus instalaciones las estructuras para \u00e9l montaje de los r\u00f3tulos a gran altura.<\/p>\r\n\r\n\r\n\r\n<p>En el proceso de fabricaci\u00f3n de las letras corp\u00f3reas, intervienen todos nuestros departamentos, desde el dpto. de dise\u00f1o, corte \u00abfresadora\u00bb, met\u00e1lico \u00absoldadura en aluminio, hierro, acero\u00bb, pintura \u00abc\u00e1mara propia de pintado\u00bb, el\u00e9ctrico \u00abinstalaci\u00f3n, conexi\u00f3n de leds y ne\u00f3n\u00bb, acoplamiento de las letras en las bases o estructuras y conexi\u00f3n de los r\u00f3tulos.<\/p>\r\n\r\n\r\n\r\n<p>Finalizado el proceso de fabricaci\u00f3n y control de calidad se procede a la colocaci\u00f3n del r\u00f3tulo de letras corp\u00f3reas en el lugar de destino. Garantizamos la total publicidad para su negocio en el caso de elegir esta opci\u00f3n y la total garant\u00eda de fabricaci\u00f3n e instalaci\u00f3n de Visual Barcelona.<\/p>\r\n\r\n\r\n\r\n<ul class=\"wp-block-gallery columns-3 is-cropped wp-block-gallery-1 is-layout-flex wp-block-gallery-is-layout-flex\">\r\n<li class=\"blocks-gallery-item\">\r\n<figure><img loading=\"lazy\" decoding=\"async\" width=\"640\" height=\"473\" class=\"wp-image-61\" src=\"https:\/\/visualbarcelona.com\/blog\/wp-content\/uploads\/2019\/10\/aluminio-con-fontal-metacrilato-luminoso.jpg\" alt=\"\" data-id=\"61\" data-link=\"https:\/\/visualbarcelona.com\/blog\/?attachment_id=61\" srcset=\"https:\/\/visualbarcelona.com\/blog\/wp-content\/uploads\/2019\/10\/aluminio-con-fontal-metacrilato-luminoso.jpg 640w, https:\/\/visualbarcelona.com\/blog\/wp-content\/uploads\/2019\/10\/aluminio-con-fontal-metacrilato-luminoso-300x222.jpg 300w, https:\/\/visualbarcelona.com\/blog\/wp-content\/uploads\/2019\/10\/aluminio-con-fontal-metacrilato-luminoso-600x443.jpg 600w\" sizes=\"auto, (max-width: 640px) 100vw, 640px\" \/><\/figure>\r\n<\/li>\r\n<li class=\"blocks-gallery-item\">\r\n<figure><img loading=\"lazy\" decoding=\"async\" width=\"1024\" height=\"768\" class=\"wp-image-60\" src=\"https:\/\/visualbarcelona.com\/blog\/wp-content\/uploads\/2019\/10\/hierro-con-metacrilato-luminoso-1024x768.jpg\" alt=\"\" data-id=\"60\" data-link=\"https:\/\/visualbarcelona.com\/blog\/?attachment_id=60\" srcset=\"https:\/\/visualbarcelona.com\/blog\/wp-content\/uploads\/2019\/10\/hierro-con-metacrilato-luminoso-1024x768.jpg 1024w, https:\/\/visualbarcelona.com\/blog\/wp-content\/uploads\/2019\/10\/hierro-con-metacrilato-luminoso-300x225.jpg 300w, https:\/\/visualbarcelona.com\/blog\/wp-content\/uploads\/2019\/10\/hierro-con-metacrilato-luminoso-768x576.jpg 768w, https:\/\/visualbarcelona.com\/blog\/wp-content\/uploads\/2019\/10\/hierro-con-metacrilato-luminoso-945x709.jpg 945w, https:\/\/visualbarcelona.com\/blog\/wp-content\/uploads\/2019\/10\/hierro-con-metacrilato-luminoso-600x450.jpg 600w\" sizes=\"auto, (max-width: 1024px) 100vw, 1024px\" \/><\/figure>\r\n<\/li>\r\n<li class=\"blocks-gallery-item\">\r\n<figure><img loading=\"lazy\" decoding=\"async\" width=\"1024\" height=\"768\" class=\"wp-image-59\" src=\"https:\/\/visualbarcelona.com\/blog\/wp-content\/uploads\/2019\/10\/aluminio-plana-sin-luz-1024x768.jpg\" alt=\"\" data-id=\"59\" data-link=\"https:\/\/visualbarcelona.com\/blog\/?attachment_id=59\" srcset=\"https:\/\/visualbarcelona.com\/blog\/wp-content\/uploads\/2019\/10\/aluminio-plana-sin-luz-1024x768.jpg 1024w, https:\/\/visualbarcelona.com\/blog\/wp-content\/uploads\/2019\/10\/aluminio-plana-sin-luz-300x225.jpg 300w, https:\/\/visualbarcelona.com\/blog\/wp-content\/uploads\/2019\/10\/aluminio-plana-sin-luz-768x576.jpg 768w, https:\/\/visualbarcelona.com\/blog\/wp-content\/uploads\/2019\/10\/aluminio-plana-sin-luz-945x709.jpg 945w, https:\/\/visualbarcelona.com\/blog\/wp-content\/uploads\/2019\/10\/aluminio-plana-sin-luz-600x450.jpg 600w, https:\/\/visualbarcelona.com\/blog\/wp-content\/uploads\/2019\/10\/aluminio-plana-sin-luz.jpg 1416w\" sizes=\"auto, (max-width: 1024px) 100vw, 1024px\" \/><\/figure>\r\n<\/li>\r\n<li class=\"blocks-gallery-item\">\r\n<figure><img loading=\"lazy\" decoding=\"async\" width=\"1024\" height=\"768\" class=\"wp-image-58\" src=\"https:\/\/visualbarcelona.com\/blog\/wp-content\/uploads\/2019\/10\/aluminio-luminoso-luz-indirecta-1024x768.jpg\" alt=\"\" data-id=\"58\" data-link=\"https:\/\/visualbarcelona.com\/blog\/?attachment_id=58\" srcset=\"https:\/\/visualbarcelona.com\/blog\/wp-content\/uploads\/2019\/10\/aluminio-luminoso-luz-indirecta-1024x768.jpg 1024w, https:\/\/visualbarcelona.com\/blog\/wp-content\/uploads\/2019\/10\/aluminio-luminoso-luz-indirecta-300x225.jpg 300w, https:\/\/visualbarcelona.com\/blog\/wp-content\/uploads\/2019\/10\/aluminio-luminoso-luz-indirecta-768x576.jpg 768w, https:\/\/visualbarcelona.com\/blog\/wp-content\/uploads\/2019\/10\/aluminio-luminoso-luz-indirecta-945x709.jpg 945w, https:\/\/visualbarcelona.com\/blog\/wp-content\/uploads\/2019\/10\/aluminio-luminoso-luz-indirecta-600x450.jpg 600w\" sizes=\"auto, (max-width: 1024px) 100vw, 1024px\" \/><\/figure>\r\n<\/li>\r\n<li class=\"blocks-gallery-item\">\r\n<figure><img loading=\"lazy\" decoding=\"async\" width=\"605\" height=\"514\" class=\"wp-image-56\" src=\"https:\/\/visualbarcelona.com\/blog\/wp-content\/uploads\/2019\/10\/aluminio-con-fontal-laton-sin-luz.jpg\" alt=\"\" data-id=\"56\" data-link=\"https:\/\/visualbarcelona.com\/blog\/?attachment_id=56\" srcset=\"https:\/\/visualbarcelona.com\/blog\/wp-content\/uploads\/2019\/10\/aluminio-con-fontal-laton-sin-luz.jpg 605w, https:\/\/visualbarcelona.com\/blog\/wp-content\/uploads\/2019\/10\/aluminio-con-fontal-laton-sin-luz-300x255.jpg 300w, https:\/\/visualbarcelona.com\/blog\/wp-content\/uploads\/2019\/10\/aluminio-con-fontal-laton-sin-luz-600x510.jpg 600w\" sizes=\"auto, (max-width: 605px) 100vw, 605px\" \/><\/figure>\r\n<\/li>\r\n<li class=\"blocks-gallery-item\">\r\n<figure><img loading=\"lazy\" decoding=\"async\" width=\"1024\" height=\"768\" class=\"wp-image-71\" src=\"https:\/\/visualbarcelona.com\/blog\/wp-content\/uploads\/2019\/10\/pvc-sin-luz-1024x768.jpg\" alt=\"\" data-id=\"71\" data-link=\"https:\/\/visualbarcelona.com\/blog\/?attachment_id=71\" srcset=\"https:\/\/visualbarcelona.com\/blog\/wp-content\/uploads\/2019\/10\/pvc-sin-luz-1024x768.jpg 1024w, https:\/\/visualbarcelona.com\/blog\/wp-content\/uploads\/2019\/10\/pvc-sin-luz-300x225.jpg 300w, https:\/\/visualbarcelona.com\/blog\/wp-content\/uploads\/2019\/10\/pvc-sin-luz-768x576.jpg 768w, https:\/\/visualbarcelona.com\/blog\/wp-content\/uploads\/2019\/10\/pvc-sin-luz-945x709.jpg 945w, https:\/\/visualbarcelona.com\/blog\/wp-content\/uploads\/2019\/10\/pvc-sin-luz-600x450.jpg 600w, https:\/\/visualbarcelona.com\/blog\/wp-content\/uploads\/2019\/10\/pvc-sin-luz.jpg 1600w\" sizes=\"auto, (max-width: 1024px) 100vw, 1024px\" \/><\/figure>\r\n<\/li>\r\n<li class=\"blocks-gallery-item\">\r\n<figure><img loading=\"lazy\" decoding=\"async\" width=\"1024\" height=\"768\" class=\"wp-image-70\" src=\"https:\/\/visualbarcelona.com\/blog\/wp-content\/uploads\/2019\/10\/pvc-pintadas-sin-luz-1024x768.jpg\" alt=\"\" data-id=\"70\" data-link=\"https:\/\/visualbarcelona.com\/blog\/?attachment_id=70\" srcset=\"https:\/\/visualbarcelona.com\/blog\/wp-content\/uploads\/2019\/10\/pvc-pintadas-sin-luz-1024x768.jpg 1024w, https:\/\/visualbarcelona.com\/blog\/wp-content\/uploads\/2019\/10\/pvc-pintadas-sin-luz-300x225.jpg 300w, https:\/\/visualbarcelona.com\/blog\/wp-content\/uploads\/2019\/10\/pvc-pintadas-sin-luz-768x576.jpg 768w, https:\/\/visualbarcelona.com\/blog\/wp-content\/uploads\/2019\/10\/pvc-pintadas-sin-luz-945x709.jpg 945w, https:\/\/visualbarcelona.com\/blog\/wp-content\/uploads\/2019\/10\/pvc-pintadas-sin-luz-600x450.jpg 600w\" sizes=\"auto, (max-width: 1024px) 100vw, 1024px\" \/><\/figure>\r\n<\/li>\r\n<li class=\"blocks-gallery-item\">\r\n<figure><img loading=\"lazy\" decoding=\"async\" width=\"1024\" height=\"768\" class=\"wp-image-69\" src=\"https:\/\/visualbarcelona.com\/blog\/wp-content\/uploads\/2019\/10\/pvc-con-luz-indirecta-1024x768.jpg\" alt=\"\" data-id=\"69\" data-link=\"https:\/\/visualbarcelona.com\/blog\/?attachment_id=69\" srcset=\"https:\/\/visualbarcelona.com\/blog\/wp-content\/uploads\/2019\/10\/pvc-con-luz-indirecta-1024x768.jpg 1024w, https:\/\/visualbarcelona.com\/blog\/wp-content\/uploads\/2019\/10\/pvc-con-luz-indirecta-300x225.jpg 300w, https:\/\/visualbarcelona.com\/blog\/wp-content\/uploads\/2019\/10\/pvc-con-luz-indirecta-768x576.jpg 768w, https:\/\/visualbarcelona.com\/blog\/wp-content\/uploads\/2019\/10\/pvc-con-luz-indirecta-945x709.jpg 945w, https:\/\/visualbarcelona.com\/blog\/wp-content\/uploads\/2019\/10\/pvc-con-luz-indirecta-600x450.jpg 600w, https:\/\/visualbarcelona.com\/blog\/wp-content\/uploads\/2019\/10\/pvc-con-luz-indirecta.jpg 1600w\" sizes=\"auto, (max-width: 1024px) 100vw, 1024px\" \/><\/figure>\r\n<\/li>\r\n<li class=\"blocks-gallery-item\">\r\n<figure><img loading=\"lazy\" decoding=\"async\" width=\"1024\" height=\"768\" class=\"wp-image-68\" src=\"https:\/\/visualbarcelona.com\/blog\/wp-content\/uploads\/2019\/10\/metacrilato-macizo-con-luz-1024x768.jpg\" alt=\"\" data-id=\"68\" data-link=\"https:\/\/visualbarcelona.com\/blog\/?attachment_id=68\" srcset=\"https:\/\/visualbarcelona.com\/blog\/wp-content\/uploads\/2019\/10\/metacrilato-macizo-con-luz-1024x768.jpg 1024w, https:\/\/visualbarcelona.com\/blog\/wp-content\/uploads\/2019\/10\/metacrilato-macizo-con-luz-300x225.jpg 300w, https:\/\/visualbarcelona.com\/blog\/wp-content\/uploads\/2019\/10\/metacrilato-macizo-con-luz-768x576.jpg 768w, https:\/\/visualbarcelona.com\/blog\/wp-content\/uploads\/2019\/10\/metacrilato-macizo-con-luz-945x709.jpg 945w, https:\/\/visualbarcelona.com\/blog\/wp-content\/uploads\/2019\/10\/metacrilato-macizo-con-luz-600x450.jpg 600w, https:\/\/visualbarcelona.com\/blog\/wp-content\/uploads\/2019\/10\/metacrilato-macizo-con-luz.jpg 1600w\" sizes=\"auto, (max-width: 1024px) 100vw, 1024px\" \/><\/figure>\r\n<\/li>\r\n<li class=\"blocks-gallery-item\">\r\n<figure><img loading=\"lazy\" decoding=\"async\" width=\"1024\" height=\"768\" class=\"wp-image-67\" src=\"https:\/\/visualbarcelona.com\/blog\/wp-content\/uploads\/2019\/10\/metacrilato-frontal-acero-sin-luz-1024x768.jpg\" alt=\"\" data-id=\"67\" data-link=\"https:\/\/visualbarcelona.com\/blog\/?attachment_id=67\" srcset=\"https:\/\/visualbarcelona.com\/blog\/wp-content\/uploads\/2019\/10\/metacrilato-frontal-acero-sin-luz-1024x768.jpg 1024w, https:\/\/visualbarcelona.com\/blog\/wp-content\/uploads\/2019\/10\/metacrilato-frontal-acero-sin-luz-300x225.jpg 300w, https:\/\/visualbarcelona.com\/blog\/wp-content\/uploads\/2019\/10\/metacrilato-frontal-acero-sin-luz-768x576.jpg 768w, https:\/\/visualbarcelona.com\/blog\/wp-content\/uploads\/2019\/10\/metacrilato-frontal-acero-sin-luz-945x709.jpg 945w, https:\/\/visualbarcelona.com\/blog\/wp-content\/uploads\/2019\/10\/metacrilato-frontal-acero-sin-luz-600x450.jpg 600w, https:\/\/visualbarcelona.com\/blog\/wp-content\/uploads\/2019\/10\/metacrilato-frontal-acero-sin-luz.jpg 1600w\" sizes=\"auto, (max-width: 1024px) 100vw, 1024px\" \/><\/figure>\r\n<\/li>\r\n<li class=\"blocks-gallery-item\">\r\n<figure><img loading=\"lazy\" decoding=\"async\" width=\"1024\" height=\"768\" class=\"wp-image-66\" src=\"https:\/\/visualbarcelona.com\/blog\/wp-content\/uploads\/2019\/10\/madera-frontal-de-vinilo-sin-luz-1024x768.jpg\" alt=\"\" data-id=\"66\" data-link=\"https:\/\/visualbarcelona.com\/blog\/?attachment_id=66\" srcset=\"https:\/\/visualbarcelona.com\/blog\/wp-content\/uploads\/2019\/10\/madera-frontal-de-vinilo-sin-luz-1024x768.jpg 1024w, https:\/\/visualbarcelona.com\/blog\/wp-content\/uploads\/2019\/10\/madera-frontal-de-vinilo-sin-luz-300x225.jpg 300w, https:\/\/visualbarcelona.com\/blog\/wp-content\/uploads\/2019\/10\/madera-frontal-de-vinilo-sin-luz-768x576.jpg 768w, https:\/\/visualbarcelona.com\/blog\/wp-content\/uploads\/2019\/10\/madera-frontal-de-vinilo-sin-luz-945x709.jpg 945w, https:\/\/visualbarcelona.com\/blog\/wp-content\/uploads\/2019\/10\/madera-frontal-de-vinilo-sin-luz-600x450.jpg 600w, https:\/\/visualbarcelona.com\/blog\/wp-content\/uploads\/2019\/10\/madera-frontal-de-vinilo-sin-luz.jpg 1600w\" sizes=\"auto, (max-width: 1024px) 100vw, 1024px\" \/><\/figure>\r\n<\/li>\r\n<\/ul>\r\n","protected":false},"excerpt":{"rendered":"<p>Letras corp\u00f3reas es un t\u00e9rmino que se designa a un tipo de r\u00f3tulo en el cual las letras son en relieve, puedan ser de PVC, aluminio, metacrilato, acero, lat\u00f3n, madera o cualquier material que permita su corte tanto en fresa&#8230; <a class=\"more-link\" href=\"https:\/\/visualbarcelona.com\/blog\/como-se-hace-las-letras-corporeas\/\">Seguir leyendo &rarr;<\/a><\/p>\n","protected":false},"author":1,"featured_media":0,"comment_status":"open","ping_status":"open","sticky":false,"template":"","format":"standard","meta":{"footnotes":""},"categories":[4],"tags":[],"class_list":["post-54","post","type-post","status-publish","format-standard","hentry","category-letras-corporeas"],"yoast_head":"<!-- This site is optimized with the Yoast SEO plugin v27.0 - https:\/\/yoast.com\/product\/yoast-seo-wordpress\/ -->\n<title>Como &quot;Se hace las letras corp\u00f3reas&quot; - Blog Visual Barcelona<\/title>\n<meta name=\"description\" content=\"Letras corp\u00f3reas: r\u00f3tulos en relieve de PVC, aluminio, madera y m\u00e1s. Con o sin iluminaci\u00f3n, ideales para se\u00f1alizar tu negocio.\" \/>\n<meta name=\"robots\" content=\"index, follow, max-snippet:-1, max-image-preview:large, max-video-preview:-1\" \/>\n<link rel=\"canonical\" href=\"https:\/\/visualbarcelona.com\/blog\/como-se-hace-las-letras-corporeas\/\" \/>\n<meta property=\"og:locale\" content=\"es_ES\" \/>\n<meta property=\"og:type\" content=\"article\" \/>\n<meta property=\"og:title\" content=\"Como &quot;Se hace las letras corp\u00f3reas&quot; - Blog Visual Barcelona\" \/>\n<meta property=\"og:description\" content=\"Letras corp\u00f3reas: r\u00f3tulos en relieve de PVC, aluminio, madera y m\u00e1s. Con o sin iluminaci\u00f3n, ideales para se\u00f1alizar tu negocio.\" \/>\n<meta property=\"og:url\" content=\"https:\/\/visualbarcelona.com\/blog\/como-se-hace-las-letras-corporeas\/\" \/>\n<meta property=\"og:site_name\" content=\"Blog Visual Barcelona\" \/>\n<meta property=\"article:published_time\" content=\"2019-10-16T07:57:18+00:00\" \/>\n<meta property=\"article:modified_time\" content=\"2024-11-14T10:39:14+00:00\" \/>\n<meta property=\"og:image\" content=\"https:\/\/visualbarcelona.com\/blog\/wp-content\/uploads\/2019\/10\/aluminio-con-fontal-metacrilato-luminoso.jpg\" \/>\n<meta name=\"author\" content=\"Visual Barcelona\" \/>\n<meta name=\"twitter:card\" content=\"summary_large_image\" \/>\n<meta name=\"twitter:label1\" content=\"Escrito por\" \/>\n\t<meta name=\"twitter:data1\" content=\"Visual Barcelona\" \/>\n\t<meta name=\"twitter:label2\" content=\"Tiempo de lectura\" \/>\n\t<meta name=\"twitter:data2\" content=\"4 minutos\" \/>\n<script type=\"application\/ld+json\" class=\"yoast-schema-graph\">{\"@context\":\"https:\/\/schema.org\",\"@graph\":[{\"@type\":\"Article\",\"@id\":\"https:\/\/visualbarcelona.com\/blog\/como-se-hace-las-letras-corporeas\/#article\",\"isPartOf\":{\"@id\":\"https:\/\/visualbarcelona.com\/blog\/como-se-hace-las-letras-corporeas\/\"},\"author\":{\"name\":\"Visual Barcelona\",\"@id\":\"https:\/\/visualbarcelona.com\/blog\/#\/schema\/person\/07653c016c76e6e97a48a3c89795c987\"},\"headline\":\"Como \u00abSe hace las letras corp\u00f3reas\u00bb\",\"datePublished\":\"2019-10-16T07:57:18+00:00\",\"dateModified\":\"2024-11-14T10:39:14+00:00\",\"mainEntityOfPage\":{\"@id\":\"https:\/\/visualbarcelona.com\/blog\/como-se-hace-las-letras-corporeas\/\"},\"wordCount\":365,\"commentCount\":0,\"image\":{\"@id\":\"https:\/\/visualbarcelona.com\/blog\/como-se-hace-las-letras-corporeas\/#primaryimage\"},\"thumbnailUrl\":\"https:\/\/visualbarcelona.com\/blog\/wp-content\/uploads\/2019\/10\/aluminio-con-fontal-metacrilato-luminoso.jpg\",\"articleSection\":[\"Letras corp\u00f3reas\"],\"inLanguage\":\"es\",\"potentialAction\":[{\"@type\":\"CommentAction\",\"name\":\"Comment\",\"target\":[\"https:\/\/visualbarcelona.com\/blog\/como-se-hace-las-letras-corporeas\/#respond\"]}]},{\"@type\":\"WebPage\",\"@id\":\"https:\/\/visualbarcelona.com\/blog\/como-se-hace-las-letras-corporeas\/\",\"url\":\"https:\/\/visualbarcelona.com\/blog\/como-se-hace-las-letras-corporeas\/\",\"name\":\"Como \\\"Se hace las letras corp\u00f3reas\\\" - Blog Visual Barcelona\",\"isPartOf\":{\"@id\":\"https:\/\/visualbarcelona.com\/blog\/#website\"},\"primaryImageOfPage\":{\"@id\":\"https:\/\/visualbarcelona.com\/blog\/como-se-hace-las-letras-corporeas\/#primaryimage\"},\"image\":{\"@id\":\"https:\/\/visualbarcelona.com\/blog\/como-se-hace-las-letras-corporeas\/#primaryimage\"},\"thumbnailUrl\":\"https:\/\/visualbarcelona.com\/blog\/wp-content\/uploads\/2019\/10\/aluminio-con-fontal-metacrilato-luminoso.jpg\",\"datePublished\":\"2019-10-16T07:57:18+00:00\",\"dateModified\":\"2024-11-14T10:39:14+00:00\",\"author\":{\"@id\":\"https:\/\/visualbarcelona.com\/blog\/#\/schema\/person\/07653c016c76e6e97a48a3c89795c987\"},\"description\":\"Letras corp\u00f3reas: r\u00f3tulos en relieve de PVC, aluminio, madera y m\u00e1s. Con o sin iluminaci\u00f3n, ideales para se\u00f1alizar tu negocio.\",\"breadcrumb\":{\"@id\":\"https:\/\/visualbarcelona.com\/blog\/como-se-hace-las-letras-corporeas\/#breadcrumb\"},\"inLanguage\":\"es\",\"potentialAction\":[{\"@type\":\"ReadAction\",\"target\":[\"https:\/\/visualbarcelona.com\/blog\/como-se-hace-las-letras-corporeas\/\"]}]},{\"@type\":\"ImageObject\",\"inLanguage\":\"es\",\"@id\":\"https:\/\/visualbarcelona.com\/blog\/como-se-hace-las-letras-corporeas\/#primaryimage\",\"url\":\"https:\/\/visualbarcelona.com\/blog\/wp-content\/uploads\/2019\/10\/aluminio-con-fontal-metacrilato-luminoso.jpg\",\"contentUrl\":\"https:\/\/visualbarcelona.com\/blog\/wp-content\/uploads\/2019\/10\/aluminio-con-fontal-metacrilato-luminoso.jpg\",\"width\":640,\"height\":473},{\"@type\":\"BreadcrumbList\",\"@id\":\"https:\/\/visualbarcelona.com\/blog\/como-se-hace-las-letras-corporeas\/#breadcrumb\",\"itemListElement\":[{\"@type\":\"ListItem\",\"position\":1,\"name\":\"Portada\",\"item\":\"https:\/\/visualbarcelona.com\/blog\/\"},{\"@type\":\"ListItem\",\"position\":2,\"name\":\"Como \u00abSe hace las letras corp\u00f3reas\u00bb\"}]},{\"@type\":\"WebSite\",\"@id\":\"https:\/\/visualbarcelona.com\/blog\/#website\",\"url\":\"https:\/\/visualbarcelona.com\/blog\/\",\"name\":\"Blog Visual Barcelona\",\"description\":\"Dise\u00f1amos, producimos e instalamos sin intermediarios\",\"potentialAction\":[{\"@type\":\"SearchAction\",\"target\":{\"@type\":\"EntryPoint\",\"urlTemplate\":\"https:\/\/visualbarcelona.com\/blog\/?s={search_term_string}\"},\"query-input\":{\"@type\":\"PropertyValueSpecification\",\"valueRequired\":true,\"valueName\":\"search_term_string\"}}],\"inLanguage\":\"es\"},{\"@type\":\"Person\",\"@id\":\"https:\/\/visualbarcelona.com\/blog\/#\/schema\/person\/07653c016c76e6e97a48a3c89795c987\",\"name\":\"Visual Barcelona\",\"image\":{\"@type\":\"ImageObject\",\"inLanguage\":\"es\",\"@id\":\"https:\/\/visualbarcelona.com\/blog\/#\/schema\/person\/image\/\",\"url\":\"https:\/\/secure.gravatar.com\/avatar\/f9fe085fbfa55790a2689fc8f8e4c66b17fa7c27b5b8b035a41280e798a40fcc?s=96&d=mm&r=g\",\"contentUrl\":\"https:\/\/secure.gravatar.com\/avatar\/f9fe085fbfa55790a2689fc8f8e4c66b17fa7c27b5b8b035a41280e798a40fcc?s=96&d=mm&r=g\",\"caption\":\"Visual Barcelona\"},\"url\":\"https:\/\/visualbarcelona.com\/blog\/author\/somosfeel\/\"}]}<\/script>\n<!-- \/ Yoast SEO plugin. -->","yoast_head_json":{"title":"Como \"Se hace las letras corp\u00f3reas\" - Blog Visual Barcelona","description":"Letras corp\u00f3reas: r\u00f3tulos en relieve de PVC, aluminio, madera y m\u00e1s. Con o sin iluminaci\u00f3n, ideales para se\u00f1alizar tu negocio.","robots":{"index":"index","follow":"follow","max-snippet":"max-snippet:-1","max-image-preview":"max-image-preview:large","max-video-preview":"max-video-preview:-1"},"canonical":"https:\/\/visualbarcelona.com\/blog\/como-se-hace-las-letras-corporeas\/","og_locale":"es_ES","og_type":"article","og_title":"Como \"Se hace las letras corp\u00f3reas\" - Blog Visual Barcelona","og_description":"Letras corp\u00f3reas: r\u00f3tulos en relieve de PVC, aluminio, madera y m\u00e1s. Con o sin iluminaci\u00f3n, ideales para se\u00f1alizar tu negocio.","og_url":"https:\/\/visualbarcelona.com\/blog\/como-se-hace-las-letras-corporeas\/","og_site_name":"Blog Visual Barcelona","article_published_time":"2019-10-16T07:57:18+00:00","article_modified_time":"2024-11-14T10:39:14+00:00","og_image":[{"url":"https:\/\/visualbarcelona.com\/blog\/wp-content\/uploads\/2019\/10\/aluminio-con-fontal-metacrilato-luminoso.jpg","type":"","width":"","height":""}],"author":"Visual Barcelona","twitter_card":"summary_large_image","twitter_misc":{"Escrito por":"Visual Barcelona","Tiempo de lectura":"4 minutos"},"schema":{"@context":"https:\/\/schema.org","@graph":[{"@type":"Article","@id":"https:\/\/visualbarcelona.com\/blog\/como-se-hace-las-letras-corporeas\/#article","isPartOf":{"@id":"https:\/\/visualbarcelona.com\/blog\/como-se-hace-las-letras-corporeas\/"},"author":{"name":"Visual Barcelona","@id":"https:\/\/visualbarcelona.com\/blog\/#\/schema\/person\/07653c016c76e6e97a48a3c89795c987"},"headline":"Como \u00abSe hace las letras corp\u00f3reas\u00bb","datePublished":"2019-10-16T07:57:18+00:00","dateModified":"2024-11-14T10:39:14+00:00","mainEntityOfPage":{"@id":"https:\/\/visualbarcelona.com\/blog\/como-se-hace-las-letras-corporeas\/"},"wordCount":365,"commentCount":0,"image":{"@id":"https:\/\/visualbarcelona.com\/blog\/como-se-hace-las-letras-corporeas\/#primaryimage"},"thumbnailUrl":"https:\/\/visualbarcelona.com\/blog\/wp-content\/uploads\/2019\/10\/aluminio-con-fontal-metacrilato-luminoso.jpg","articleSection":["Letras corp\u00f3reas"],"inLanguage":"es","potentialAction":[{"@type":"CommentAction","name":"Comment","target":["https:\/\/visualbarcelona.com\/blog\/como-se-hace-las-letras-corporeas\/#respond"]}]},{"@type":"WebPage","@id":"https:\/\/visualbarcelona.com\/blog\/como-se-hace-las-letras-corporeas\/","url":"https:\/\/visualbarcelona.com\/blog\/como-se-hace-las-letras-corporeas\/","name":"Como \"Se hace las letras corp\u00f3reas\" - Blog Visual Barcelona","isPartOf":{"@id":"https:\/\/visualbarcelona.com\/blog\/#website"},"primaryImageOfPage":{"@id":"https:\/\/visualbarcelona.com\/blog\/como-se-hace-las-letras-corporeas\/#primaryimage"},"image":{"@id":"https:\/\/visualbarcelona.com\/blog\/como-se-hace-las-letras-corporeas\/#primaryimage"},"thumbnailUrl":"https:\/\/visualbarcelona.com\/blog\/wp-content\/uploads\/2019\/10\/aluminio-con-fontal-metacrilato-luminoso.jpg","datePublished":"2019-10-16T07:57:18+00:00","dateModified":"2024-11-14T10:39:14+00:00","author":{"@id":"https:\/\/visualbarcelona.com\/blog\/#\/schema\/person\/07653c016c76e6e97a48a3c89795c987"},"description":"Letras corp\u00f3reas: r\u00f3tulos en relieve de PVC, aluminio, madera y m\u00e1s. Con o sin iluminaci\u00f3n, ideales para se\u00f1alizar tu negocio.","breadcrumb":{"@id":"https:\/\/visualbarcelona.com\/blog\/como-se-hace-las-letras-corporeas\/#breadcrumb"},"inLanguage":"es","potentialAction":[{"@type":"ReadAction","target":["https:\/\/visualbarcelona.com\/blog\/como-se-hace-las-letras-corporeas\/"]}]},{"@type":"ImageObject","inLanguage":"es","@id":"https:\/\/visualbarcelona.com\/blog\/como-se-hace-las-letras-corporeas\/#primaryimage","url":"https:\/\/visualbarcelona.com\/blog\/wp-content\/uploads\/2019\/10\/aluminio-con-fontal-metacrilato-luminoso.jpg","contentUrl":"https:\/\/visualbarcelona.com\/blog\/wp-content\/uploads\/2019\/10\/aluminio-con-fontal-metacrilato-luminoso.jpg","width":640,"height":473},{"@type":"BreadcrumbList","@id":"https:\/\/visualbarcelona.com\/blog\/como-se-hace-las-letras-corporeas\/#breadcrumb","itemListElement":[{"@type":"ListItem","position":1,"name":"Portada","item":"https:\/\/visualbarcelona.com\/blog\/"},{"@type":"ListItem","position":2,"name":"Como \u00abSe hace las letras corp\u00f3reas\u00bb"}]},{"@type":"WebSite","@id":"https:\/\/visualbarcelona.com\/blog\/#website","url":"https:\/\/visualbarcelona.com\/blog\/","name":"Blog Visual Barcelona","description":"Dise\u00f1amos, producimos e instalamos sin intermediarios","potentialAction":[{"@type":"SearchAction","target":{"@type":"EntryPoint","urlTemplate":"https:\/\/visualbarcelona.com\/blog\/?s={search_term_string}"},"query-input":{"@type":"PropertyValueSpecification","valueRequired":true,"valueName":"search_term_string"}}],"inLanguage":"es"},{"@type":"Person","@id":"https:\/\/visualbarcelona.com\/blog\/#\/schema\/person\/07653c016c76e6e97a48a3c89795c987","name":"Visual Barcelona","image":{"@type":"ImageObject","inLanguage":"es","@id":"https:\/\/visualbarcelona.com\/blog\/#\/schema\/person\/image\/","url":"https:\/\/secure.gravatar.com\/avatar\/f9fe085fbfa55790a2689fc8f8e4c66b17fa7c27b5b8b035a41280e798a40fcc?s=96&d=mm&r=g","contentUrl":"https:\/\/secure.gravatar.com\/avatar\/f9fe085fbfa55790a2689fc8f8e4c66b17fa7c27b5b8b035a41280e798a40fcc?s=96&d=mm&r=g","caption":"Visual Barcelona"},"url":"https:\/\/visualbarcelona.com\/blog\/author\/somosfeel\/"}]}},"_links":{"self":[{"href":"https:\/\/visualbarcelona.com\/blog\/wp-json\/wp\/v2\/posts\/54","targetHints":{"allow":["GET"]}}],"collection":[{"href":"https:\/\/visualbarcelona.com\/blog\/wp-json\/wp\/v2\/posts"}],"about":[{"href":"https:\/\/visualbarcelona.com\/blog\/wp-json\/wp\/v2\/types\/post"}],"author":[{"embeddable":true,"href":"https:\/\/visualbarcelona.com\/blog\/wp-json\/wp\/v2\/users\/1"}],"replies":[{"embeddable":true,"href":"https:\/\/visualbarcelona.com\/blog\/wp-json\/wp\/v2\/comments?post=54"}],"version-history":[{"count":9,"href":"https:\/\/visualbarcelona.com\/blog\/wp-json\/wp\/v2\/posts\/54\/revisions"}],"predecessor-version":[{"id":383,"href":"https:\/\/visualbarcelona.com\/blog\/wp-json\/wp\/v2\/posts\/54\/revisions\/383"}],"wp:attachment":[{"href":"https:\/\/visualbarcelona.com\/blog\/wp-json\/wp\/v2\/media?parent=54"}],"wp:term":[{"taxonomy":"category","embeddable":true,"href":"https:\/\/visualbarcelona.com\/blog\/wp-json\/wp\/v2\/categories?post=54"},{"taxonomy":"post_tag","embeddable":true,"href":"https:\/\/visualbarcelona.com\/blog\/wp-json\/wp\/v2\/tags?post=54"}],"curies":[{"name":"wp","href":"https:\/\/api.w.org\/{rel}","templated":true}]}}