{"id":152,"date":"2020-10-20T11:35:45","date_gmt":"2020-10-20T09:35:45","guid":{"rendered":"https:\/\/visualbarcelona.com\/blog\/?p=152"},"modified":"2024-11-14T12:14:00","modified_gmt":"2024-11-14T11:14:00","slug":"tu-negocio-esta-preparado-para-afrontar-la-campana-de-navidad","status":"publish","type":"post","link":"https:\/\/visualbarcelona.com\/blog\/tu-negocio-esta-preparado-para-afrontar-la-campana-de-navidad\/","title":{"rendered":"\u00bfTu negocio est\u00e1 preparado para afrontar la campa\u00f1a de Navidad?"},"content":{"rendered":"\r\n<h2><strong>La importancia de las mamparas protectoras en Navidad<\/strong><\/h2>\r\n\r\n\r\n\r\n<p>P\u00e1rate un segundo y cierra los ojos, visualiza el eje comercial de tu Ciudad, lleno de luces, m\u00fasica navide\u00f1a, la gente paseando con bolsas de regalos, incluso puedes llegar a ver un pap\u00e1 Noel (con la barba un poco demasiado falsa) que est\u00e1 preguntando a los ni\u00f1os si se han portado bien.<\/p>\r\n\r\n\r\n\r\n<p>\u00a0\u00bfQu\u00e9 piensas? Seguramente se te haga extra\u00f1o visualizar esta imagen, \u00bfverdad? Y as\u00ed es, en las circunstancias que estamos viviendo ahora mismo, no podemos imaginarnos estas navidades como las del a\u00f1o pasado, y aprovechamos para preguntarte: \u00bfTu negocio est\u00e1 preparado para ello?<\/p>\r\n\r\n\r\n\r\n<p>El hecho va mucho m\u00e1s all\u00e1 de disponer de medidas de seguridad como: el distanciamiento de 2m entre personas, el uso de la mascarilla, la desinfecci\u00f3n de las manos con gel hidroalcoh\u00f3lico\u2026 Nos referimos a las mamparas protectoras.<\/p>\r\n\r\n\r\n\r\n<h2><strong>M\u00e1s seguridad entre todos<\/strong><\/h2>\r\n\r\n\r\n\r\n<p>Entrar en un local que cumple con todas las normas de seguridad y que, adem\u00e1s, est\u00e1 provisto de elementos extra como las mamparas de seguridad, invita a comprar.\u00a0<\/p>\r\n\r\n\r\n\r\n<p>Ya no solamente por el hecho de cumplir con la normativa, sino que proviene una sensaci\u00f3n de cuidado para el personal del local.<\/p>\r\n\r\n\r\n\r\n<p>La proyecci\u00f3n de seguridad y cura del personal en los tiempos que vivimos es un hecho lo suficientemente importante como para que el comprador acceda a tu negocio con otros ojos.\u00a0<\/p>\r\n\r\n\r\n\r\n<p>Indirectamente, la obtenci\u00f3n de mamparas de seguridad influir\u00e1 en tu rentabilidad, ya nos lo contar\u00e1s.\u00a0<\/p>\r\n\r\n\r\n\r\n<h2><strong>Facilidad de desinfecci\u00f3n<\/strong><\/h2>\r\n\r\n\r\n\r\n<p>Si por alguna cosa son reconocidas las mamparas de protecci\u00f3n, es por su extrema facilidad de limpieza y desinfecci\u00f3n.\u00a0<\/p>\r\n\r\n\r\n\r\n<p>Al estar dise\u00f1adas con materiales resistentes, se puede usar productos de desinfecci\u00f3n gen\u00e9ricos para proceder a la correcta limpieza de ambos lados, despu\u00e9s de cada uso.\u00a0<\/p>\r\n\r\n\r\n\r\n<p>Aqu\u00ed lo que te recomendamos es que realices un estricto protocolo de limpieza despu\u00e9s de cada turno y por ambos lados. Es importante que no solamente se desinfecte la superficie que est\u00e1 en contacto con el cliente, sino tambi\u00e9n la del trabajador.\u00a0<\/p>\r\n\r\n\r\n\r\n<p>Una recomendaci\u00f3n m\u00e1s: usa productos de limpieza fiable, que tengan la cantidad recomendada de desinfecci\u00f3n, ya que si no tendremos una falsa seguridad de desinfecci\u00f3n.\u00a0<\/p>\r\n\r\n\r\n\r\n<h2><strong>M\u00e1s est\u00e9ticas y personalizables (\u00a1llamemos la atenci\u00f3n!)<\/strong><\/h2>\r\n\r\n\r\n\r\n<p>Vamos a diferenciarnos del resto, \u00bfqu\u00e9 te parece si personalizas esas mamparas protectoras? A\u00f1ade tu claim de marca, una frase con la que poder dar las gracias por la compra, los buenos d\u00edas o incluso, anunciar alg\u00fan tipo de promoci\u00f3n o descuento, a\u00f1ade tu p\u00e1gina web para potenciar el tr\u00e1fico y la venta online&#8230; \u00a1Todo vale!<\/p>\r\n\r\n\r\n\r\n<p>No nos olvidemos que se trata de un elemento m\u00e1s que a\u00f1adimos a nuestro negocio y que, por lo tanto, nos lo podemos llevar a nuestro terreno.\u00a0<\/p>\r\n\r\n\r\n\r\n<p>Solamente necesitas un poco de creatividad.<\/p>\r\n\r\n\r\n\r\n<p>Vayamos un poco m\u00e1s lejos, a la parte seguramente m\u00e1s interesante y d\u00f3nde puedes destacar de verdad.\u00a0<\/p>\r\n\r\n\r\n\r\n<p>Volvamos a la imagen que hemos creado al principio: \u00bfrecuerdas el tranquilo y navide\u00f1o paseo por el centro de la Ciudad? Bien, ahora visualiza las tiendas: \u00bfson todas iguales? \u00bfAlgunas se las ve m\u00e1s que las otras? \u00bfQu\u00e9 tienen en com\u00fan esas que son m\u00e1s visibles?<\/p>\r\n\r\n\r\n\r\n<p>Ya te lo decimos nosotros, los r\u00f3tulos luminosos, en un post anterior hablamos de la <strong><a href=\"https:\/\/visualbarcelona.com\/blog\/la-importancia-de-la-rotulacion-visual-en-tiempos-de-crisis\/\">importancia de la rotulaci\u00f3n visual<\/a><\/strong>, as\u00ed que no entraremos en detalles. Pero lo que s\u00ed te recordaremos es la importancia del uso de r\u00f3tulos luminosos \u00bfpor qu\u00e9?:<\/p>\r\n\r\n\r\n\r\n<h2><strong>Cuando la noche cae<\/strong><\/h2>\r\n\r\n\r\n\r\n<p>Seguramente ya lo habr\u00e1s notado, se hace de noche m\u00e1s temprano. Por lo que cuando salimos de nuestras oficinas ya est\u00e1 empezando a anochecer. Es en ese preciso momento donde tenemos que dar el primer impacto.\u00a0<\/p>\r\n\r\n\r\n\r\n<p>Nada m\u00e1s salir de la oficina nos tienen que ver. Debemos recordar que despu\u00e9s de pasar todo el d\u00eda sentados en una silla, tenemos ganas de salir, dar un paseo, estirar las piernas y sobre todo de darnos un capricho, evadirnos, dar una vuelta por el centro y comprar alguna cosita.\u00a0<\/p>\r\n\r\n\r\n\r\n<p>Si en ese preciso momento, nuestro negocio tiene una buena rotulaci\u00f3n luminosa, vamos a destacar entre los dem\u00e1s y eso es lo que m\u00e1s nos interesa.\u00a0<\/p>\r\n\r\n\r\n\r\n<p>Finalmente, solo nos queda preguntarte: \u00bfcrees que tu negocio est\u00e1 preparado para la campa\u00f1a de Navidad? D\u00e9jalo todo en nuestras manos, en Visual Barcelona disponemos de todas las aplicaciones de comunicaci\u00f3n que existen para negocios.\u00a0<\/p>\r\n\r\n\r\n\r\n<p>Nuestro mayor objetivo es tu mayor objetivo y por ello nuestras soluciones son 360, para que puedas elegir la que m\u00e1s se adapte a ti y a las necesidades de tus clientes.\u00a0<\/p>\r\n\r\n\r\n\r\n<p>\u00bfTienes dudas? D\u00e9janos un comentario en este mismo post o escr\u00edbenos por el formulario de la web, estaremos encantados de concertar una cita para poder solucionar todas tus dudas y \u00a1sin compromiso! Vamos a vestir tu negocio de la mejor forma para que estas Navidades sean inolvidables.<\/p>\r\n","protected":false},"excerpt":{"rendered":"<p>La importancia de las mamparas protectoras en Navidad P\u00e1rate un segundo y cierra los ojos, visualiza el eje comercial de tu Ciudad, lleno de luces, m\u00fasica navide\u00f1a, la gente paseando con bolsas de regalos, incluso puedes llegar a ver un&#8230; <a class=\"more-link\" href=\"https:\/\/visualbarcelona.com\/blog\/tu-negocio-esta-preparado-para-afrontar-la-campana-de-navidad\/\">Seguir leyendo &rarr;<\/a><\/p>\n","protected":false},"author":1,"featured_media":0,"comment_status":"open","ping_status":"open","sticky":false,"template":"","format":"standard","meta":{"footnotes":""},"categories":[1],"tags":[],"class_list":["post-152","post","type-post","status-publish","format-standard","hentry","category-sin-categoria"],"yoast_head":"<!-- This site is optimized with the Yoast SEO plugin v27.0 - https:\/\/yoast.com\/product\/yoast-seo-wordpress\/ -->\n<title>\u00bfEst\u00e1 tu negocio listo para la campa\u00f1a de Navidad?<\/title>\n<meta name=\"description\" content=\"Prep\u00e1rate para una Navidad segura y visible. Ofrecemos mamparas personalizables y r\u00f3tulos luminosos para destacar y proteger tu negocio.\" \/>\n<meta name=\"robots\" content=\"index, follow, max-snippet:-1, max-image-preview:large, max-video-preview:-1\" \/>\n<link rel=\"canonical\" href=\"https:\/\/visualbarcelona.com\/blog\/tu-negocio-esta-preparado-para-afrontar-la-campana-de-navidad\/\" \/>\n<meta property=\"og:locale\" content=\"es_ES\" \/>\n<meta property=\"og:type\" content=\"article\" \/>\n<meta property=\"og:title\" content=\"\u00bfEst\u00e1 tu negocio listo para la campa\u00f1a de Navidad?\" \/>\n<meta property=\"og:description\" content=\"Prep\u00e1rate para una Navidad segura y visible. Ofrecemos mamparas personalizables y r\u00f3tulos luminosos para destacar y proteger tu negocio.\" \/>\n<meta property=\"og:url\" content=\"https:\/\/visualbarcelona.com\/blog\/tu-negocio-esta-preparado-para-afrontar-la-campana-de-navidad\/\" \/>\n<meta property=\"og:site_name\" content=\"Blog Visual Barcelona\" \/>\n<meta property=\"article:published_time\" content=\"2020-10-20T09:35:45+00:00\" \/>\n<meta property=\"article:modified_time\" content=\"2024-11-14T11:14:00+00:00\" \/>\n<meta name=\"author\" content=\"Visual Barcelona\" \/>\n<meta name=\"twitter:card\" content=\"summary_large_image\" \/>\n<meta name=\"twitter:label1\" content=\"Escrito por\" \/>\n\t<meta name=\"twitter:data1\" content=\"Visual Barcelona\" \/>\n\t<meta name=\"twitter:label2\" content=\"Tiempo de lectura\" \/>\n\t<meta name=\"twitter:data2\" content=\"4 minutos\" \/>\n<script type=\"application\/ld+json\" class=\"yoast-schema-graph\">{\"@context\":\"https:\/\/schema.org\",\"@graph\":[{\"@type\":\"Article\",\"@id\":\"https:\/\/visualbarcelona.com\/blog\/tu-negocio-esta-preparado-para-afrontar-la-campana-de-navidad\/#article\",\"isPartOf\":{\"@id\":\"https:\/\/visualbarcelona.com\/blog\/tu-negocio-esta-preparado-para-afrontar-la-campana-de-navidad\/\"},\"author\":{\"name\":\"Visual Barcelona\",\"@id\":\"https:\/\/visualbarcelona.com\/blog\/#\/schema\/person\/07653c016c76e6e97a48a3c89795c987\"},\"headline\":\"\u00bfTu negocio est\u00e1 preparado para afrontar la campa\u00f1a de Navidad?\",\"datePublished\":\"2020-10-20T09:35:45+00:00\",\"dateModified\":\"2024-11-14T11:14:00+00:00\",\"mainEntityOfPage\":{\"@id\":\"https:\/\/visualbarcelona.com\/blog\/tu-negocio-esta-preparado-para-afrontar-la-campana-de-navidad\/\"},\"wordCount\":862,\"commentCount\":0,\"inLanguage\":\"es\",\"potentialAction\":[{\"@type\":\"CommentAction\",\"name\":\"Comment\",\"target\":[\"https:\/\/visualbarcelona.com\/blog\/tu-negocio-esta-preparado-para-afrontar-la-campana-de-navidad\/#respond\"]}]},{\"@type\":\"WebPage\",\"@id\":\"https:\/\/visualbarcelona.com\/blog\/tu-negocio-esta-preparado-para-afrontar-la-campana-de-navidad\/\",\"url\":\"https:\/\/visualbarcelona.com\/blog\/tu-negocio-esta-preparado-para-afrontar-la-campana-de-navidad\/\",\"name\":\"\u00bfEst\u00e1 tu negocio listo para la campa\u00f1a de Navidad?\",\"isPartOf\":{\"@id\":\"https:\/\/visualbarcelona.com\/blog\/#website\"},\"datePublished\":\"2020-10-20T09:35:45+00:00\",\"dateModified\":\"2024-11-14T11:14:00+00:00\",\"author\":{\"@id\":\"https:\/\/visualbarcelona.com\/blog\/#\/schema\/person\/07653c016c76e6e97a48a3c89795c987\"},\"description\":\"Prep\u00e1rate para una Navidad segura y visible. Ofrecemos mamparas personalizables y r\u00f3tulos luminosos para destacar y proteger tu negocio.\",\"breadcrumb\":{\"@id\":\"https:\/\/visualbarcelona.com\/blog\/tu-negocio-esta-preparado-para-afrontar-la-campana-de-navidad\/#breadcrumb\"},\"inLanguage\":\"es\",\"potentialAction\":[{\"@type\":\"ReadAction\",\"target\":[\"https:\/\/visualbarcelona.com\/blog\/tu-negocio-esta-preparado-para-afrontar-la-campana-de-navidad\/\"]}]},{\"@type\":\"BreadcrumbList\",\"@id\":\"https:\/\/visualbarcelona.com\/blog\/tu-negocio-esta-preparado-para-afrontar-la-campana-de-navidad\/#breadcrumb\",\"itemListElement\":[{\"@type\":\"ListItem\",\"position\":1,\"name\":\"Portada\",\"item\":\"https:\/\/visualbarcelona.com\/blog\/\"},{\"@type\":\"ListItem\",\"position\":2,\"name\":\"\u00bfTu negocio est\u00e1 preparado para afrontar la campa\u00f1a de Navidad?\"}]},{\"@type\":\"WebSite\",\"@id\":\"https:\/\/visualbarcelona.com\/blog\/#website\",\"url\":\"https:\/\/visualbarcelona.com\/blog\/\",\"name\":\"Blog Visual Barcelona\",\"description\":\"Dise\u00f1amos, producimos e instalamos sin intermediarios\",\"potentialAction\":[{\"@type\":\"SearchAction\",\"target\":{\"@type\":\"EntryPoint\",\"urlTemplate\":\"https:\/\/visualbarcelona.com\/blog\/?s={search_term_string}\"},\"query-input\":{\"@type\":\"PropertyValueSpecification\",\"valueRequired\":true,\"valueName\":\"search_term_string\"}}],\"inLanguage\":\"es\"},{\"@type\":\"Person\",\"@id\":\"https:\/\/visualbarcelona.com\/blog\/#\/schema\/person\/07653c016c76e6e97a48a3c89795c987\",\"name\":\"Visual Barcelona\",\"image\":{\"@type\":\"ImageObject\",\"inLanguage\":\"es\",\"@id\":\"https:\/\/visualbarcelona.com\/blog\/#\/schema\/person\/image\/\",\"url\":\"https:\/\/secure.gravatar.com\/avatar\/f9fe085fbfa55790a2689fc8f8e4c66b17fa7c27b5b8b035a41280e798a40fcc?s=96&d=mm&r=g\",\"contentUrl\":\"https:\/\/secure.gravatar.com\/avatar\/f9fe085fbfa55790a2689fc8f8e4c66b17fa7c27b5b8b035a41280e798a40fcc?s=96&d=mm&r=g\",\"caption\":\"Visual Barcelona\"},\"url\":\"https:\/\/visualbarcelona.com\/blog\/author\/somosfeel\/\"}]}<\/script>\n<!-- \/ Yoast SEO plugin. -->","yoast_head_json":{"title":"\u00bfEst\u00e1 tu negocio listo para la campa\u00f1a de Navidad?","description":"Prep\u00e1rate para una Navidad segura y visible. Ofrecemos mamparas personalizables y r\u00f3tulos luminosos para destacar y proteger tu negocio.","robots":{"index":"index","follow":"follow","max-snippet":"max-snippet:-1","max-image-preview":"max-image-preview:large","max-video-preview":"max-video-preview:-1"},"canonical":"https:\/\/visualbarcelona.com\/blog\/tu-negocio-esta-preparado-para-afrontar-la-campana-de-navidad\/","og_locale":"es_ES","og_type":"article","og_title":"\u00bfEst\u00e1 tu negocio listo para la campa\u00f1a de Navidad?","og_description":"Prep\u00e1rate para una Navidad segura y visible. Ofrecemos mamparas personalizables y r\u00f3tulos luminosos para destacar y proteger tu negocio.","og_url":"https:\/\/visualbarcelona.com\/blog\/tu-negocio-esta-preparado-para-afrontar-la-campana-de-navidad\/","og_site_name":"Blog Visual Barcelona","article_published_time":"2020-10-20T09:35:45+00:00","article_modified_time":"2024-11-14T11:14:00+00:00","author":"Visual Barcelona","twitter_card":"summary_large_image","twitter_misc":{"Escrito por":"Visual Barcelona","Tiempo de lectura":"4 minutos"},"schema":{"@context":"https:\/\/schema.org","@graph":[{"@type":"Article","@id":"https:\/\/visualbarcelona.com\/blog\/tu-negocio-esta-preparado-para-afrontar-la-campana-de-navidad\/#article","isPartOf":{"@id":"https:\/\/visualbarcelona.com\/blog\/tu-negocio-esta-preparado-para-afrontar-la-campana-de-navidad\/"},"author":{"name":"Visual Barcelona","@id":"https:\/\/visualbarcelona.com\/blog\/#\/schema\/person\/07653c016c76e6e97a48a3c89795c987"},"headline":"\u00bfTu negocio est\u00e1 preparado para afrontar la campa\u00f1a de Navidad?","datePublished":"2020-10-20T09:35:45+00:00","dateModified":"2024-11-14T11:14:00+00:00","mainEntityOfPage":{"@id":"https:\/\/visualbarcelona.com\/blog\/tu-negocio-esta-preparado-para-afrontar-la-campana-de-navidad\/"},"wordCount":862,"commentCount":0,"inLanguage":"es","potentialAction":[{"@type":"CommentAction","name":"Comment","target":["https:\/\/visualbarcelona.com\/blog\/tu-negocio-esta-preparado-para-afrontar-la-campana-de-navidad\/#respond"]}]},{"@type":"WebPage","@id":"https:\/\/visualbarcelona.com\/blog\/tu-negocio-esta-preparado-para-afrontar-la-campana-de-navidad\/","url":"https:\/\/visualbarcelona.com\/blog\/tu-negocio-esta-preparado-para-afrontar-la-campana-de-navidad\/","name":"\u00bfEst\u00e1 tu negocio listo para la campa\u00f1a de Navidad?","isPartOf":{"@id":"https:\/\/visualbarcelona.com\/blog\/#website"},"datePublished":"2020-10-20T09:35:45+00:00","dateModified":"2024-11-14T11:14:00+00:00","author":{"@id":"https:\/\/visualbarcelona.com\/blog\/#\/schema\/person\/07653c016c76e6e97a48a3c89795c987"},"description":"Prep\u00e1rate para una Navidad segura y visible. Ofrecemos mamparas personalizables y r\u00f3tulos luminosos para destacar y proteger tu negocio.","breadcrumb":{"@id":"https:\/\/visualbarcelona.com\/blog\/tu-negocio-esta-preparado-para-afrontar-la-campana-de-navidad\/#breadcrumb"},"inLanguage":"es","potentialAction":[{"@type":"ReadAction","target":["https:\/\/visualbarcelona.com\/blog\/tu-negocio-esta-preparado-para-afrontar-la-campana-de-navidad\/"]}]},{"@type":"BreadcrumbList","@id":"https:\/\/visualbarcelona.com\/blog\/tu-negocio-esta-preparado-para-afrontar-la-campana-de-navidad\/#breadcrumb","itemListElement":[{"@type":"ListItem","position":1,"name":"Portada","item":"https:\/\/visualbarcelona.com\/blog\/"},{"@type":"ListItem","position":2,"name":"\u00bfTu negocio est\u00e1 preparado para afrontar la campa\u00f1a de Navidad?"}]},{"@type":"WebSite","@id":"https:\/\/visualbarcelona.com\/blog\/#website","url":"https:\/\/visualbarcelona.com\/blog\/","name":"Blog Visual Barcelona","description":"Dise\u00f1amos, producimos e instalamos sin intermediarios","potentialAction":[{"@type":"SearchAction","target":{"@type":"EntryPoint","urlTemplate":"https:\/\/visualbarcelona.com\/blog\/?s={search_term_string}"},"query-input":{"@type":"PropertyValueSpecification","valueRequired":true,"valueName":"search_term_string"}}],"inLanguage":"es"},{"@type":"Person","@id":"https:\/\/visualbarcelona.com\/blog\/#\/schema\/person\/07653c016c76e6e97a48a3c89795c987","name":"Visual Barcelona","image":{"@type":"ImageObject","inLanguage":"es","@id":"https:\/\/visualbarcelona.com\/blog\/#\/schema\/person\/image\/","url":"https:\/\/secure.gravatar.com\/avatar\/f9fe085fbfa55790a2689fc8f8e4c66b17fa7c27b5b8b035a41280e798a40fcc?s=96&d=mm&r=g","contentUrl":"https:\/\/secure.gravatar.com\/avatar\/f9fe085fbfa55790a2689fc8f8e4c66b17fa7c27b5b8b035a41280e798a40fcc?s=96&d=mm&r=g","caption":"Visual Barcelona"},"url":"https:\/\/visualbarcelona.com\/blog\/author\/somosfeel\/"}]}},"_links":{"self":[{"href":"https:\/\/visualbarcelona.com\/blog\/wp-json\/wp\/v2\/posts\/152","targetHints":{"allow":["GET"]}}],"collection":[{"href":"https:\/\/visualbarcelona.com\/blog\/wp-json\/wp\/v2\/posts"}],"about":[{"href":"https:\/\/visualbarcelona.com\/blog\/wp-json\/wp\/v2\/types\/post"}],"author":[{"embeddable":true,"href":"https:\/\/visualbarcelona.com\/blog\/wp-json\/wp\/v2\/users\/1"}],"replies":[{"embeddable":true,"href":"https:\/\/visualbarcelona.com\/blog\/wp-json\/wp\/v2\/comments?post=152"}],"version-history":[{"count":3,"href":"https:\/\/visualbarcelona.com\/blog\/wp-json\/wp\/v2\/posts\/152\/revisions"}],"predecessor-version":[{"id":400,"href":"https:\/\/visualbarcelona.com\/blog\/wp-json\/wp\/v2\/posts\/152\/revisions\/400"}],"wp:attachment":[{"href":"https:\/\/visualbarcelona.com\/blog\/wp-json\/wp\/v2\/media?parent=152"}],"wp:term":[{"taxonomy":"category","embeddable":true,"href":"https:\/\/visualbarcelona.com\/blog\/wp-json\/wp\/v2\/categories?post=152"},{"taxonomy":"post_tag","embeddable":true,"href":"https:\/\/visualbarcelona.com\/blog\/wp-json\/wp\/v2\/tags?post=152"}],"curies":[{"name":"wp","href":"https:\/\/api.w.org\/{rel}","templated":true}]}}