{"id":108,"date":"2019-12-05T17:58:13","date_gmt":"2019-12-05T16:58:13","guid":{"rendered":"https:\/\/visualbarcelona.com\/blog\/?p=108"},"modified":"2024-11-14T11:41:54","modified_gmt":"2024-11-14T10:41:54","slug":"la-senalizacion-interior","status":"publish","type":"post","link":"https:\/\/visualbarcelona.com\/blog\/la-senalizacion-interior\/","title":{"rendered":"La se\u00f1alizaci\u00f3n interior"},"content":{"rendered":"\r\n<p>A la hora de se\u00f1alizar el espacio interior de un edificio, local, p\u00e1rquines p\u00fablicos, empresas o un centro comercial, se debe de tener en cuenta una premisa fundamental: En Visual creemos que\u00a0 la hip\u00f3tesis \u201cmenos es m\u00e1s\u201d, es imprescindible.<\/p>\r\n\r\n\r\n\r\n<p>Primero de todo es muy importante determinar el m\u00ednimo de unidades de r\u00f3tulos necesarios por tal de as\u00ed resolver el problema para localizar nuestro destino e identificarlo en un espacio que se desconoce. La se\u00f1alizaci\u00f3n interior no debe verse, esta tampoco debe notarse y solo debe estar presente cuando se busca, ya que esta nos servir\u00e1 para poder orientarnos.<\/p>\r\n\r\n\r\n\r\n<p>El segundo reto muy importante es adecuar el dise\u00f1o de la se\u00f1alizaci\u00f3n al interiorismo ya existente, integrando materiales y acabados a los ya usados. Es por eso que nuestros acabados pueden ser de metacrilato, madera, PVC, vinilo de corte o vinilo de impresi\u00f3n digital, adapt\u00e1ndonos siempre a tu idea y expectativa de negocio.<\/p>\r\n\r\n\r\n\r\n<p>Es fundamental conocer el proyecto arquitect\u00f3nico y el dise\u00f1o de interiores, para que la se\u00f1alizaci\u00f3n no se vea desfasada, sino que esta se incorpore perfectamente al espacio y sume al proyecto general. En definitiva, los materiales y acabados deben ser coherentes y estar relacionados con los ya existentes.<\/p>\r\n\r\n\r\n\r\n<p>El tercer reto es que la se\u00f1alizaci\u00f3n interior debe de estar acorde con los rasgos singulares de la identidad visual de la empresa\/instituci\u00f3n. El resultado crom\u00e1tico, los grafismos o las tipograf\u00edas empleadas se deber\u00e1n identificar como propias de la identidad corporativa de nuestro cliente.<\/p>\r\n","protected":false},"excerpt":{"rendered":"<p>A la hora de se\u00f1alizar el espacio interior de un edificio, local, p\u00e1rquines p\u00fablicos, empresas o un centro comercial, se debe de tener en cuenta una premisa fundamental: En Visual creemos que\u00a0 la hip\u00f3tesis \u201cmenos es m\u00e1s\u201d, es imprescindible. Primero&#8230; <a class=\"more-link\" href=\"https:\/\/visualbarcelona.com\/blog\/la-senalizacion-interior\/\">Seguir leyendo &rarr;<\/a><\/p>\n","protected":false},"author":1,"featured_media":0,"comment_status":"open","ping_status":"open","sticky":false,"template":"","format":"standard","meta":{"footnotes":""},"categories":[8],"tags":[],"class_list":["post-108","post","type-post","status-publish","format-standard","hentry","category-senalizacion"],"yoast_head":"<!-- This site is optimized with the Yoast SEO plugin v27.0 - https:\/\/yoast.com\/product\/yoast-seo-wordpress\/ -->\n<title>La se\u00f1alizaci\u00f3n interior - Blog Visual Barcelona<\/title>\n<meta name=\"description\" content=\"Se\u00f1alizaci\u00f3n interior eficaz y discreta. Creamos r\u00f3tulos que integran dise\u00f1o, materiales y la identidad visual de tu negocio.\" \/>\n<meta name=\"robots\" content=\"index, follow, max-snippet:-1, max-image-preview:large, max-video-preview:-1\" \/>\n<link rel=\"canonical\" href=\"https:\/\/visualbarcelona.com\/blog\/la-senalizacion-interior\/\" \/>\n<meta property=\"og:locale\" content=\"es_ES\" \/>\n<meta property=\"og:type\" content=\"article\" \/>\n<meta property=\"og:title\" content=\"La se\u00f1alizaci\u00f3n interior - Blog Visual Barcelona\" \/>\n<meta property=\"og:description\" content=\"Se\u00f1alizaci\u00f3n interior eficaz y discreta. Creamos r\u00f3tulos que integran dise\u00f1o, materiales y la identidad visual de tu negocio.\" \/>\n<meta property=\"og:url\" content=\"https:\/\/visualbarcelona.com\/blog\/la-senalizacion-interior\/\" \/>\n<meta property=\"og:site_name\" content=\"Blog Visual Barcelona\" \/>\n<meta property=\"article:published_time\" content=\"2019-12-05T16:58:13+00:00\" \/>\n<meta property=\"article:modified_time\" content=\"2024-11-14T10:41:54+00:00\" \/>\n<meta name=\"author\" content=\"Visual Barcelona\" \/>\n<meta name=\"twitter:card\" content=\"summary_large_image\" \/>\n<meta name=\"twitter:label1\" content=\"Escrito por\" \/>\n\t<meta name=\"twitter:data1\" content=\"Visual Barcelona\" \/>\n\t<meta name=\"twitter:label2\" content=\"Tiempo de lectura\" \/>\n\t<meta name=\"twitter:data2\" content=\"2 minutos\" \/>\n<script type=\"application\/ld+json\" class=\"yoast-schema-graph\">{\"@context\":\"https:\/\/schema.org\",\"@graph\":[{\"@type\":\"Article\",\"@id\":\"https:\/\/visualbarcelona.com\/blog\/la-senalizacion-interior\/#article\",\"isPartOf\":{\"@id\":\"https:\/\/visualbarcelona.com\/blog\/la-senalizacion-interior\/\"},\"author\":{\"name\":\"Visual Barcelona\",\"@id\":\"https:\/\/visualbarcelona.com\/blog\/#\/schema\/person\/07653c016c76e6e97a48a3c89795c987\"},\"headline\":\"La se\u00f1alizaci\u00f3n interior\",\"datePublished\":\"2019-12-05T16:58:13+00:00\",\"dateModified\":\"2024-11-14T10:41:54+00:00\",\"mainEntityOfPage\":{\"@id\":\"https:\/\/visualbarcelona.com\/blog\/la-senalizacion-interior\/\"},\"wordCount\":273,\"commentCount\":0,\"articleSection\":[\"Se\u00f1alizaci\u00f3n\"],\"inLanguage\":\"es\",\"potentialAction\":[{\"@type\":\"CommentAction\",\"name\":\"Comment\",\"target\":[\"https:\/\/visualbarcelona.com\/blog\/la-senalizacion-interior\/#respond\"]}]},{\"@type\":\"WebPage\",\"@id\":\"https:\/\/visualbarcelona.com\/blog\/la-senalizacion-interior\/\",\"url\":\"https:\/\/visualbarcelona.com\/blog\/la-senalizacion-interior\/\",\"name\":\"La se\u00f1alizaci\u00f3n interior - Blog Visual Barcelona\",\"isPartOf\":{\"@id\":\"https:\/\/visualbarcelona.com\/blog\/#website\"},\"datePublished\":\"2019-12-05T16:58:13+00:00\",\"dateModified\":\"2024-11-14T10:41:54+00:00\",\"author\":{\"@id\":\"https:\/\/visualbarcelona.com\/blog\/#\/schema\/person\/07653c016c76e6e97a48a3c89795c987\"},\"description\":\"Se\u00f1alizaci\u00f3n interior eficaz y discreta. Creamos r\u00f3tulos que integran dise\u00f1o, materiales y la identidad visual de tu negocio.\",\"breadcrumb\":{\"@id\":\"https:\/\/visualbarcelona.com\/blog\/la-senalizacion-interior\/#breadcrumb\"},\"inLanguage\":\"es\",\"potentialAction\":[{\"@type\":\"ReadAction\",\"target\":[\"https:\/\/visualbarcelona.com\/blog\/la-senalizacion-interior\/\"]}]},{\"@type\":\"BreadcrumbList\",\"@id\":\"https:\/\/visualbarcelona.com\/blog\/la-senalizacion-interior\/#breadcrumb\",\"itemListElement\":[{\"@type\":\"ListItem\",\"position\":1,\"name\":\"Portada\",\"item\":\"https:\/\/visualbarcelona.com\/blog\/\"},{\"@type\":\"ListItem\",\"position\":2,\"name\":\"La se\u00f1alizaci\u00f3n interior\"}]},{\"@type\":\"WebSite\",\"@id\":\"https:\/\/visualbarcelona.com\/blog\/#website\",\"url\":\"https:\/\/visualbarcelona.com\/blog\/\",\"name\":\"Blog Visual Barcelona\",\"description\":\"Dise\u00f1amos, producimos e instalamos sin intermediarios\",\"potentialAction\":[{\"@type\":\"SearchAction\",\"target\":{\"@type\":\"EntryPoint\",\"urlTemplate\":\"https:\/\/visualbarcelona.com\/blog\/?s={search_term_string}\"},\"query-input\":{\"@type\":\"PropertyValueSpecification\",\"valueRequired\":true,\"valueName\":\"search_term_string\"}}],\"inLanguage\":\"es\"},{\"@type\":\"Person\",\"@id\":\"https:\/\/visualbarcelona.com\/blog\/#\/schema\/person\/07653c016c76e6e97a48a3c89795c987\",\"name\":\"Visual Barcelona\",\"image\":{\"@type\":\"ImageObject\",\"inLanguage\":\"es\",\"@id\":\"https:\/\/visualbarcelona.com\/blog\/#\/schema\/person\/image\/\",\"url\":\"https:\/\/secure.gravatar.com\/avatar\/f9fe085fbfa55790a2689fc8f8e4c66b17fa7c27b5b8b035a41280e798a40fcc?s=96&d=mm&r=g\",\"contentUrl\":\"https:\/\/secure.gravatar.com\/avatar\/f9fe085fbfa55790a2689fc8f8e4c66b17fa7c27b5b8b035a41280e798a40fcc?s=96&d=mm&r=g\",\"caption\":\"Visual Barcelona\"},\"url\":\"https:\/\/visualbarcelona.com\/blog\/author\/somosfeel\/\"}]}<\/script>\n<!-- \/ Yoast SEO plugin. -->","yoast_head_json":{"title":"La se\u00f1alizaci\u00f3n interior - Blog Visual Barcelona","description":"Se\u00f1alizaci\u00f3n interior eficaz y discreta. Creamos r\u00f3tulos que integran dise\u00f1o, materiales y la identidad visual de tu negocio.","robots":{"index":"index","follow":"follow","max-snippet":"max-snippet:-1","max-image-preview":"max-image-preview:large","max-video-preview":"max-video-preview:-1"},"canonical":"https:\/\/visualbarcelona.com\/blog\/la-senalizacion-interior\/","og_locale":"es_ES","og_type":"article","og_title":"La se\u00f1alizaci\u00f3n interior - Blog Visual Barcelona","og_description":"Se\u00f1alizaci\u00f3n interior eficaz y discreta. Creamos r\u00f3tulos que integran dise\u00f1o, materiales y la identidad visual de tu negocio.","og_url":"https:\/\/visualbarcelona.com\/blog\/la-senalizacion-interior\/","og_site_name":"Blog Visual Barcelona","article_published_time":"2019-12-05T16:58:13+00:00","article_modified_time":"2024-11-14T10:41:54+00:00","author":"Visual Barcelona","twitter_card":"summary_large_image","twitter_misc":{"Escrito por":"Visual Barcelona","Tiempo de lectura":"2 minutos"},"schema":{"@context":"https:\/\/schema.org","@graph":[{"@type":"Article","@id":"https:\/\/visualbarcelona.com\/blog\/la-senalizacion-interior\/#article","isPartOf":{"@id":"https:\/\/visualbarcelona.com\/blog\/la-senalizacion-interior\/"},"author":{"name":"Visual Barcelona","@id":"https:\/\/visualbarcelona.com\/blog\/#\/schema\/person\/07653c016c76e6e97a48a3c89795c987"},"headline":"La se\u00f1alizaci\u00f3n interior","datePublished":"2019-12-05T16:58:13+00:00","dateModified":"2024-11-14T10:41:54+00:00","mainEntityOfPage":{"@id":"https:\/\/visualbarcelona.com\/blog\/la-senalizacion-interior\/"},"wordCount":273,"commentCount":0,"articleSection":["Se\u00f1alizaci\u00f3n"],"inLanguage":"es","potentialAction":[{"@type":"CommentAction","name":"Comment","target":["https:\/\/visualbarcelona.com\/blog\/la-senalizacion-interior\/#respond"]}]},{"@type":"WebPage","@id":"https:\/\/visualbarcelona.com\/blog\/la-senalizacion-interior\/","url":"https:\/\/visualbarcelona.com\/blog\/la-senalizacion-interior\/","name":"La se\u00f1alizaci\u00f3n interior - Blog Visual Barcelona","isPartOf":{"@id":"https:\/\/visualbarcelona.com\/blog\/#website"},"datePublished":"2019-12-05T16:58:13+00:00","dateModified":"2024-11-14T10:41:54+00:00","author":{"@id":"https:\/\/visualbarcelona.com\/blog\/#\/schema\/person\/07653c016c76e6e97a48a3c89795c987"},"description":"Se\u00f1alizaci\u00f3n interior eficaz y discreta. Creamos r\u00f3tulos que integran dise\u00f1o, materiales y la identidad visual de tu negocio.","breadcrumb":{"@id":"https:\/\/visualbarcelona.com\/blog\/la-senalizacion-interior\/#breadcrumb"},"inLanguage":"es","potentialAction":[{"@type":"ReadAction","target":["https:\/\/visualbarcelona.com\/blog\/la-senalizacion-interior\/"]}]},{"@type":"BreadcrumbList","@id":"https:\/\/visualbarcelona.com\/blog\/la-senalizacion-interior\/#breadcrumb","itemListElement":[{"@type":"ListItem","position":1,"name":"Portada","item":"https:\/\/visualbarcelona.com\/blog\/"},{"@type":"ListItem","position":2,"name":"La se\u00f1alizaci\u00f3n interior"}]},{"@type":"WebSite","@id":"https:\/\/visualbarcelona.com\/blog\/#website","url":"https:\/\/visualbarcelona.com\/blog\/","name":"Blog Visual Barcelona","description":"Dise\u00f1amos, producimos e instalamos sin intermediarios","potentialAction":[{"@type":"SearchAction","target":{"@type":"EntryPoint","urlTemplate":"https:\/\/visualbarcelona.com\/blog\/?s={search_term_string}"},"query-input":{"@type":"PropertyValueSpecification","valueRequired":true,"valueName":"search_term_string"}}],"inLanguage":"es"},{"@type":"Person","@id":"https:\/\/visualbarcelona.com\/blog\/#\/schema\/person\/07653c016c76e6e97a48a3c89795c987","name":"Visual Barcelona","image":{"@type":"ImageObject","inLanguage":"es","@id":"https:\/\/visualbarcelona.com\/blog\/#\/schema\/person\/image\/","url":"https:\/\/secure.gravatar.com\/avatar\/f9fe085fbfa55790a2689fc8f8e4c66b17fa7c27b5b8b035a41280e798a40fcc?s=96&d=mm&r=g","contentUrl":"https:\/\/secure.gravatar.com\/avatar\/f9fe085fbfa55790a2689fc8f8e4c66b17fa7c27b5b8b035a41280e798a40fcc?s=96&d=mm&r=g","caption":"Visual Barcelona"},"url":"https:\/\/visualbarcelona.com\/blog\/author\/somosfeel\/"}]}},"_links":{"self":[{"href":"https:\/\/visualbarcelona.com\/blog\/wp-json\/wp\/v2\/posts\/108","targetHints":{"allow":["GET"]}}],"collection":[{"href":"https:\/\/visualbarcelona.com\/blog\/wp-json\/wp\/v2\/posts"}],"about":[{"href":"https:\/\/visualbarcelona.com\/blog\/wp-json\/wp\/v2\/types\/post"}],"author":[{"embeddable":true,"href":"https:\/\/visualbarcelona.com\/blog\/wp-json\/wp\/v2\/users\/1"}],"replies":[{"embeddable":true,"href":"https:\/\/visualbarcelona.com\/blog\/wp-json\/wp\/v2\/comments?post=108"}],"version-history":[{"count":2,"href":"https:\/\/visualbarcelona.com\/blog\/wp-json\/wp\/v2\/posts\/108\/revisions"}],"predecessor-version":[{"id":385,"href":"https:\/\/visualbarcelona.com\/blog\/wp-json\/wp\/v2\/posts\/108\/revisions\/385"}],"wp:attachment":[{"href":"https:\/\/visualbarcelona.com\/blog\/wp-json\/wp\/v2\/media?parent=108"}],"wp:term":[{"taxonomy":"category","embeddable":true,"href":"https:\/\/visualbarcelona.com\/blog\/wp-json\/wp\/v2\/categories?post=108"},{"taxonomy":"post_tag","embeddable":true,"href":"https:\/\/visualbarcelona.com\/blog\/wp-json\/wp\/v2\/tags?post=108"}],"curies":[{"name":"wp","href":"https:\/\/api.w.org\/{rel}","templated":true}]}}